{"id":1503,"date":"2017-06-29T08:34:00","date_gmt":"2017-06-29T06:34:00","guid":{"rendered":"http:\/\/maynats.org\/?p=1503"},"modified":"2022-05-29T08:35:33","modified_gmt":"2022-05-29T06:35:33","slug":"depeche-du-midi-1er-juin-2017","status":"publish","type":"post","link":"https:\/\/maynats.org\/?p=1503","title":{"rendered":"D\u00e9p\u00eache du Midi \u00a01er juin 2017\u00a0"},"content":{"rendered":"\n<h2 class=\"wp-block-heading\"><strong>Les Maynats, \u00e9dition color\u00e9e<\/strong><\/h2>\n\n\n\n<p>En Haute-Bigorre le Festival des Maynats est d\u00e9sormais un rendez-vous culturel incontournable et ce depuis de nombreuses ann\u00e9es. Cette 22e \u00e9dition prenait place dans la commune de Gerde, o\u00f9 pr\u00e8s de 3.000 personnes \u00e9taient attendues tout au long du week-end.<\/p>\n\n\n\n<p>Au programme, de nombreux spectacles, la plupart destin\u00e9s aux enfants, mais \u00e9galement pour du tout public, une mani\u00e8re pour les grands enfants de profiter aussi de ces repr\u00e9sentations artistiques. Un grand effort au niveau des installations a \u00e9t\u00e9 fait pour l&rsquo;occasion, les b\u00e9n\u00e9voles proposant ainsi cinq lieux pour les festivit\u00e9s : \u00e0 la mairie, la salle des f\u00eates, la cantine scolaire, le pr\u00e9au et l&rsquo;\u00e9glise. Une nouveaut\u00e9 voyait \u00e9galement le jour cette ann\u00e9e : un bar pour enfant, les plus petits pouvant ainsi profiter d&rsquo;un endroit adapt\u00e9 \u00e0 leur taille. De nombreuses activit\u00e9s gratuites \u00e9taient \u00e9galement mises \u00e0 disposition pendant ces deux jours : peintures, jeux de bois ou encore sculpture en p\u00e2te d&rsquo;amande. L&rsquo;atelier 12 Couleurs de Bagn\u00e8res venait \u00e9galement ajouter son coup de pinceau \u00e0 ce tableau culturel annuel. \u00abCette manifestation est faite pour les enfants et nous, adultes, en voyant \u00e7a, nous retrouvons cette jeunesse pass\u00e9e\u00bb, explique le maire Marc Decker, ravi d&rsquo;accueillir cette 22e \u00e9dition. Une quarantaine de b\u00e9n\u00e9voles issus des Maynats et du Cartel bigourdan ont \u0153uvr\u00e9 des semaines durant pour offrir les meilleures conditions \u00e0 ce nouveau festival. Depuis plus de vingt ans, les Maynats s&rsquo;engagent \u00e0 amener la culture aux enfants adapt\u00e9e \u00e0 l&rsquo;\u00e9chelle des petits villages locaux.<\/p>\n\n\n\n<p>M\u00e9lodie Fourcade<\/p>\n","protected":false},"excerpt":{"rendered":"<p>Les Maynats, \u00e9dition color\u00e9e En Haute-Bigorre le Festival des Maynats est d\u00e9sormais un rendez-vous culturel incontournable et ce depuis de&#8230;<\/p>\n","protected":false},"author":1,"featured_media":0,"comment_status":"closed","ping_status":"open","sticky":false,"template":"","format":"standard","meta":{"footnotes":""},"categories":[26],"tags":[],"class_list":["post-1503","post","type-post","status-publish","format-standard","hentry","category-revue-de-presse"],"_links":{"self":[{"href":"https:\/\/maynats.org\/index.php?rest_route=\/wp\/v2\/posts\/1503","targetHints":{"allow":["GET"]}}],"collection":[{"href":"https:\/\/maynats.org\/index.php?rest_route=\/wp\/v2\/posts"}],"about":[{"href":"https:\/\/maynats.org\/index.php?rest_route=\/wp\/v2\/types\/post"}],"author":[{"embeddable":true,"href":"https:\/\/maynats.org\/index.php?rest_route=\/wp\/v2\/users\/1"}],"replies":[{"embeddable":true,"href":"https:\/\/maynats.org\/index.php?rest_route=%2Fwp%2Fv2%2Fcomments&post=1503"}],"version-history":[{"count":1,"href":"https:\/\/maynats.org\/index.php?rest_route=\/wp\/v2\/posts\/1503\/revisions"}],"predecessor-version":[{"id":1504,"href":"https:\/\/maynats.org\/index.php?rest_route=\/wp\/v2\/posts\/1503\/revisions\/1504"}],"wp:attachment":[{"href":"https:\/\/maynats.org\/index.php?rest_route=%2Fwp%2Fv2%2Fmedia&parent=1503"}],"wp:term":[{"taxonomy":"category","embeddable":true,"href":"https:\/\/maynats.org\/index.php?rest_route=%2Fwp%2Fv2%2Fcategories&post=1503"},{"taxonomy":"post_tag","embeddable":true,"href":"https:\/\/maynats.org\/index.php?rest_route=%2Fwp%2Fv2%2Ftags&post=1503"}],"curies":[{"name":"wp","href":"https:\/\/api.w.org\/{rel}","templated":true}]}}