{"id":1531,"date":"2022-04-25T11:05:18","date_gmt":"2022-04-25T09:05:18","guid":{"rendered":"http:\/\/maynats.org\/?p=1531"},"modified":"2022-07-25T11:26:30","modified_gmt":"2022-07-25T09:26:30","slug":"projet-ecole","status":"publish","type":"post","link":"https:\/\/maynats.org\/?p=1531","title":{"rendered":"Projet \u00e9coles CCHB 2022"},"content":{"rendered":"\n<pre class=\"wp-block-code\"><code>Pr\u00e9sent\u00e9 aux maternelles de la CCHB les 21 et 22 avril 2022 au Carr\u00e9 Py \u00e0 Gerde (65)<\/code><\/pre>\n\n\n\n<p><strong>Les enfants des communes de Ast\u00e9, Bagn\u00e8res (Pic du Midi), Beaud\u00e9an, Gerde, Montgaillard, Ordizan, Pouzac et Tr\u00e9bons sont concern\u00e9s (240 enfants) durant le temps scolaire. Ils visiteront une exposition appel\u00e9e \u00ab\u00a0pri\u00e8re de toucher\u00a0\u00bb puis assisteront \u00e0 un spectacle de marionnettes intitul\u00e9e \u00ab\u00a0Les gardiens de r\u00eaves\u00a0\u00bb.<\/strong><\/p>\n\n\n\n<p>Le spectacle \u00ab Les gardiens de r\u00eaves \u00bb propose trois histoires, \u00e0 partir de quatre tableaux d \u2018art moderne (1925-1945).<br>Chaque tableau \u00e9voque une histoire, un sentiment, un mouvement. Et chaque personne observant un tableau peut s\u2019inventer une histoire diff\u00e9rente. Autrement dit, une infinit\u00e9 d\u2019histoires existent face au m\u00eame tableau. C\u2019est cette magie que nous<br>souhaitons faire d\u00e9couvrir aux plus petits comme aux plus grands.<\/p>\n\n\n\n<p>En alternant rythme, histoire et musique, visuels, et marionnettes, la compagnie \u00ab\u00a0l&rsquo;atelier des songes\u00a0\u00bb propose un voyage imaginaire, \u00e0 la d\u00e9couverte de ces gardiens de r\u00eaves, artistes dont les cr\u00e9ations nous nourrissent encore aujourd\u2019hui.<\/p>\n\n\n\n<p>\u00ab Pri\u00e8re de toucher \u00bb est une exposition interactive dans laquelle seront montr\u00e9es des \u0153uvres \u00ab \u00e0 la mani\u00e8re de \u00bb Kandinsky, Mondrian, Paul Klee, Sophie Taueber, Malevitch et d\u2019autres\u2026<\/p>\n\n\n\n<p>La compagnie a d\u00e9cid\u00e9 de d\u00e9construire un peu leurs \u0153uvres, (ils en auraient \u00e9t\u00e9 tr\u00e8s heureux, nous en sommes certains) afin que les enfants puissent jouer avec celles-ci, car tout le monde le sait, les enfants regardent avec leurs mains\u2026<\/p>\n\n\n\n<p>Vous l&rsquo;avez compris, il s&rsquo;agit avec ce spectacle et cette exposition d&rsquo;\u00e9veiller les plus petits \u00e0 l&rsquo;art moderne.\u00a0\u00bb<\/p>\n\n\n\n<p><strong>Un professeur des \u00e9coles raconte :<\/strong><\/p>\n\n\n\n<p>Les \u00e9l\u00e8ves de maternelle furent enthousiastes par cette belle apr\u00e8s-midi pass\u00e9e au Carr\u00e9 Py.<\/p>\n\n\n\n<p>L&rsquo;association des Maynats fit un beau cadeau aux enfants en leur offrant un spectacle leur permettant de voyager au travers d&rsquo;\u0153uvres de grands peintres du XXeme.&nbsp;<\/p>\n\n\n\n<p>L&rsquo;apr\u00e8s midi fut divis\u00e9e en trois temps :<\/p>\n\n\n\n<ul class=\"wp-block-list\"><li>visionnage d&rsquo;\u0153uvres et production plastique par les \u00e9l\u00e8ves&nbsp; ;<\/li><\/ul>\n\n\n\n<ul class=\"wp-block-list\"><li>visite d&rsquo;un mus\u00e9e o\u00f9 les petits \u00e9taient pri\u00e9s de toucher aux \u0153uvres : quel r\u00e9gal ce fut pour eux de manipuler des tableaux reproduits sous forme de puzzles g\u00e9ants et de divers jeux ;<\/li><\/ul>\n\n\n\n<ul class=\"wp-block-list\"><li>spectacle de marionnettes qui sut ravir tous les \u00e2ges.<\/li><\/ul>\n\n\n\n<p>De plus ce spectacle de marionnettes&nbsp;fut une conclusion \u00e0 la semaine des langues a laquelle les \u00e9l\u00e8ves avaient pris part.&nbsp;Merci \u00e0 l&rsquo;association des Maynats pour ce voyage po\u00e9tique, color\u00e9 et aux tonalit\u00e9s artistiques.<\/p>\n\n\n\n<div data-wp-interactive=\"core\/file\" class=\"wp-block-file\"><object data-wp-bind--hidden=\"!state.hasPdfPreview\" hidden class=\"wp-block-file__embed\" data=\"https:\/\/maynats.org\/wp-content\/uploads\/2022\/07\/dossier-gardiens-de-re\u0302ves2021.pdf\" type=\"application\/pdf\" style=\"width:100%;height:600px\" aria-label=\"Contenu embarqu\u00e9 Contenu embarqu\u00e9 dossier-gardiens-de-re\u0302ves2021..\"><\/object><a id=\"wp-block-file--media-98e4dd41-1d07-47b1-b127-cb58b3c2cd31\" href=\"https:\/\/maynats.org\/wp-content\/uploads\/2022\/07\/dossier-gardiens-de-re\u0302ves2021.pdf\">dossier-gardiens-de-re\u0302ves2021<\/a><a href=\"https:\/\/maynats.org\/wp-content\/uploads\/2022\/07\/dossier-gardiens-de-re\u0302ves2021.pdf\" class=\"wp-block-file__button\" download aria-describedby=\"wp-block-file--media-98e4dd41-1d07-47b1-b127-cb58b3c2cd31\">T\u00e9l\u00e9charger<\/a><\/div>\n","protected":false},"excerpt":{"rendered":"<p>Les enfants des communes de Ast\u00e9, Bagn\u00e8res (Pic du Midi), Beaud\u00e9an, Gerde, Montgaillard, Ordizan, Pouzac et Tr\u00e9bons sont concern\u00e9s (240&#8230;<\/p>\n","protected":false},"author":1,"featured_media":1534,"comment_status":"closed","ping_status":"open","sticky":false,"template":"","format":"standard","meta":{"footnotes":""},"categories":[24],"tags":[],"class_list":["post-1531","post","type-post","status-publish","format-standard","has-post-thumbnail","hentry","category-mediation-jeunesse"],"_links":{"self":[{"href":"https:\/\/maynats.org\/index.php?rest_route=\/wp\/v2\/posts\/1531","targetHints":{"allow":["GET"]}}],"collection":[{"href":"https:\/\/maynats.org\/index.php?rest_route=\/wp\/v2\/posts"}],"about":[{"href":"https:\/\/maynats.org\/index.php?rest_route=\/wp\/v2\/types\/post"}],"author":[{"embeddable":true,"href":"https:\/\/maynats.org\/index.php?rest_route=\/wp\/v2\/users\/1"}],"replies":[{"embeddable":true,"href":"https:\/\/maynats.org\/index.php?rest_route=%2Fwp%2Fv2%2Fcomments&post=1531"}],"version-history":[{"count":3,"href":"https:\/\/maynats.org\/index.php?rest_route=\/wp\/v2\/posts\/1531\/revisions"}],"predecessor-version":[{"id":1536,"href":"https:\/\/maynats.org\/index.php?rest_route=\/wp\/v2\/posts\/1531\/revisions\/1536"}],"wp:featuredmedia":[{"embeddable":true,"href":"https:\/\/maynats.org\/index.php?rest_route=\/wp\/v2\/media\/1534"}],"wp:attachment":[{"href":"https:\/\/maynats.org\/index.php?rest_route=%2Fwp%2Fv2%2Fmedia&parent=1531"}],"wp:term":[{"taxonomy":"category","embeddable":true,"href":"https:\/\/maynats.org\/index.php?rest_route=%2Fwp%2Fv2%2Fcategories&post=1531"},{"taxonomy":"post_tag","embeddable":true,"href":"https:\/\/maynats.org\/index.php?rest_route=%2Fwp%2Fv2%2Ftags&post=1531"}],"curies":[{"name":"wp","href":"https:\/\/api.w.org\/{rel}","templated":true}]}}