{"id":1791,"date":"2023-05-26T06:05:31","date_gmt":"2023-05-26T04:05:31","guid":{"rendered":"http:\/\/maynats.org\/?p=1791"},"modified":"2023-05-26T06:20:49","modified_gmt":"2023-05-26T04:20:49","slug":"maynats-2023-conclusion","status":"publish","type":"post","link":"https:\/\/maynats.org\/?p=1791","title":{"rendered":"Maynats 2023 : conclusion"},"content":{"rendered":"\n<p>Merci aux courageux qui n&rsquo;ont pas craint la pluie, aux 95 b\u00e9n\u00e9voles et aux nombreux partenaires publics et priv\u00e9s.<\/p>\n\n\n\n<p>Le festival des Maynats 2023 a permis \u00e0 plus de 3600 spectateurs de suivre 30 spectacles pr\u00e9sent\u00e9s par 19 compagnies.<\/p>\n\n\n\n<p>On y a vu beaucoup filer la m\u00e9taphore. Cr\u00e9ons-en une \u00e0 pr\u00e9sent. Imaginez un bel arbre. Il cro\u00eet, maintenant loin de l&rsquo;\u00e9poque de graine. De quoi a-t-il besoin ?<\/p>\n\n\n\n<p>D&rsquo;eau pour vivre ; de sels min\u00e9raux pour subsister ; de lumi\u00e8re pour exister ; de terre pour s&rsquo;implanter. Et alors il donne fruits et fleurs.<\/p>\n\n\n\n<p>Voil\u00e0 le festival des Maynats : un bel arbre, d\u00e9j\u00e0 grand et beau, loin de l&rsquo;\u00e9poque de graine.<\/p>\n\n\n\n<p>La terre dont il a besoin, ce sont les b\u00e9n\u00e9voles, car, po\u00e9tiquement, la terre est tellement \u00e9vidente qu&rsquo;on ne la regarde jamais assez. Sans les b\u00e9n\u00e9voles, le festival ne peut avoir lieu. Nous manquons parfois de b\u00e9n\u00e9voles. Vous aussi, vous pouvez devenir b\u00e9n\u00e9voles et participer \u00e0 l&rsquo;aventure : foi de b\u00e9n\u00e9vole, ce sont des moments hors du temps, qui laissent une vraie belle empreinte. Merci \u00e0 tous les b\u00e9n\u00e9voles 2023 pour votre implication d\u00e9vou\u00e9e et pour votre gentillesse.<\/p>\n\n\n\n<p>La lumi\u00e8re dont l&rsquo;arbre Maynats a besoin, c&rsquo;est le public et notamment les enfants : lorsque les premiers rangs rient et s&rsquo;\u00e9merveillent, on est tous combl\u00e9s, on sait pourquoi on se d\u00e9voue tous autant, artistes,  b\u00e9n\u00e9voles\u2026 C&rsquo;est donc vous, public, par vos yeux et votre c\u0153ur attentifs et pr\u00e9sents, qui donnez \u00e9videmment au festival sa raison d&rsquo;\u00eatre. Notez bien les dates du prochain festival : troisi\u00e8me semaine de mai 2024 et soyez l\u00e0 ! Merci du fond du c\u0153ur de votre pr\u00e9sence si enthousiaste.<\/p>\n\n\n\n<p>Les sels min\u00e9raux, c&rsquo;est l&rsquo;argent : les partenaires publics et priv\u00e9s avec leurs dons ou subventions. Il est \u00e9vident qu&rsquo;une volont\u00e9 politique explicite est n\u00e9cessaire \u00e0 la vie d&rsquo;un \u00e9v\u00e9nement aussi imposant que les Maynats. Doit-on argumenter sur les effets b\u00e9n\u00e9fiques pour les enfants de se distraire, de rire, de r\u00e9fl\u00e9chir pendant des heures enti\u00e8res sans aucun artifice d&rsquo;\u00e9cran comme ceux qui nous envahissent ? Doit-on argumenter sur les bienfaits de la po\u00e9sie et sur le plaisir \u00e9vident du public ? Merci \u00e0 tous les \u00e9lues et \u00e9lus qui nous ont toujours soutenus et merci \u00e0 celles et ceux qui continuent \u00e0 le faire.<\/p>\n\n\n\n<p>Les fruits et fleurs produits par l&rsquo;arbre, ce sont tout simplement les spectacles que les artistes nous donnent \u00e0 voir. En un mot, on se r\u00e9gale. Un immense merci aux artistes, qui vivent de la vie d&rsquo;artiste\u2026 Merci pour tout ce que vous nous offrez, le temps pass\u00e9 \u00e0 r\u00eaver, construire puis produire ces si beaux spectacles. Merci pour votre talent. Merci pour votre po\u00e9sie.<\/p>\n\n\n\n<p>Ah oui, il ne faut pas oublier pour conclure la m\u00e9taphore : l&rsquo;eau. Sans doute pourrait-on dire que l&rsquo;eau, c&rsquo;est le plaisir que nous partageons tous : public enfants, public adultes, artistes, b\u00e9n\u00e9voles, \u00e9lus\u2026 Ce simple plaisir d&rsquo;\u00eatre ensemble pour un \u00e9v\u00e9nement qui a tellement de sens et qui donne tellement de bonheur \u00e0 toutes et \u00e0 tous. L&rsquo;eau : le plaisir, la joie, la raison d&rsquo;\u00eatre, dans un monde o\u00f9 \u00ab\u00a0\u00eatre ensemble\u00a0\u00bb a souvent perdu son \u00e9vidence.<\/p>\n\n\n\n<p>L&rsquo;aventure culturelle et humaine 2023 fut exceptionnelle, souhaitons qu&rsquo;elle puisse continuer..<\/p>\n","protected":false},"excerpt":{"rendered":"<p>Merci aux courageux qui n&rsquo;ont pas craint la pluie, aux 95 b\u00e9n\u00e9voles et aux nombreux partenaires publics et priv\u00e9s. Le&#8230;<\/p>\n","protected":false},"author":1,"featured_media":1793,"comment_status":"closed","ping_status":"open","sticky":false,"template":"","format":"standard","meta":{"footnotes":""},"categories":[17,20],"tags":[],"class_list":["post-1791","post","type-post","status-publish","format-standard","has-post-thumbnail","hentry","category-evenements_passes","category-festival"],"_links":{"self":[{"href":"https:\/\/maynats.org\/index.php?rest_route=\/wp\/v2\/posts\/1791","targetHints":{"allow":["GET"]}}],"collection":[{"href":"https:\/\/maynats.org\/index.php?rest_route=\/wp\/v2\/posts"}],"about":[{"href":"https:\/\/maynats.org\/index.php?rest_route=\/wp\/v2\/types\/post"}],"author":[{"embeddable":true,"href":"https:\/\/maynats.org\/index.php?rest_route=\/wp\/v2\/users\/1"}],"replies":[{"embeddable":true,"href":"https:\/\/maynats.org\/index.php?rest_route=%2Fwp%2Fv2%2Fcomments&post=1791"}],"version-history":[{"count":2,"href":"https:\/\/maynats.org\/index.php?rest_route=\/wp\/v2\/posts\/1791\/revisions"}],"predecessor-version":[{"id":1794,"href":"https:\/\/maynats.org\/index.php?rest_route=\/wp\/v2\/posts\/1791\/revisions\/1794"}],"wp:featuredmedia":[{"embeddable":true,"href":"https:\/\/maynats.org\/index.php?rest_route=\/wp\/v2\/media\/1793"}],"wp:attachment":[{"href":"https:\/\/maynats.org\/index.php?rest_route=%2Fwp%2Fv2%2Fmedia&parent=1791"}],"wp:term":[{"taxonomy":"category","embeddable":true,"href":"https:\/\/maynats.org\/index.php?rest_route=%2Fwp%2Fv2%2Fcategories&post=1791"},{"taxonomy":"post_tag","embeddable":true,"href":"https:\/\/maynats.org\/index.php?rest_route=%2Fwp%2Fv2%2Ftags&post=1791"}],"curies":[{"name":"wp","href":"https:\/\/api.w.org\/{rel}","templated":true}]}}