{"id":1816,"date":"2023-08-27T19:29:52","date_gmt":"2023-08-27T17:29:52","guid":{"rendered":"http:\/\/maynats.org\/?p=1816"},"modified":"2024-05-25T17:51:36","modified_gmt":"2024-05-25T15:51:36","slug":"les-fils-de-la-memoire","status":"publish","type":"post","link":"https:\/\/maynats.org\/?p=1816","title":{"rendered":"Les fils de la m\u00e9moire"},"content":{"rendered":"\n<p>Premier volet d&rsquo;une trilogie qui interrogera ce qui subsiste dans la m\u00e9moire collective Bagn\u00e9raise, des industries autrefois florissantes :\u00e0 savoir, le textile en 2023, le marbre et l&rsquo;ardoise en 2024 et le ferroviaire en 2025.<\/p>\n\n\n\n<p>Que reste-t&rsquo;-il de la <strong>douzaine d&rsquo;entreprises <\/strong>de toutes tailles qui employaient des <strong>centaines <\/strong>de personnes au si\u00e8cle pass\u00e9 ? Peu de choses, filage et tissage ont quasiment disparu, le b\u00e2ti a \u00e9t\u00e9 reconverti, ne subsistent que les photos du fond Alix et les souvenirs des quelques t\u00e9moins.<\/p>\n\n\n\n<p><strong>\u00ab Les fils de la m\u00e9moire \u00bb <\/strong>ne sont pas la restitution d&rsquo;un travail de recherche historique, d&rsquo;autres plus qualifi\u00e9s que nous ont d\u00e9j\u00e0 \u00e9voqu\u00e9 dans des \u00e9crits savants ce riche pass\u00e9. C&rsquo;est, une mise en lumi\u00e8re de t\u00e9moignages d&rsquo;acteurs de cette \u00e9poque et d&rsquo;aujourd&rsquo;hui. Notre seule ambition est de donner la parole \u00e0 tous ceux qui ont \u00e9t\u00e9 ou sont encore impliqu\u00e9s : anciens ouvriers\/res, employ\u00e9s\/es, dirigeants\/tes et de recueillir et p\u00e9renniser dans une vid\u00e9o leurs souvenirs, leurs anecdotes, leurs nostalgies, leurs regrets et m\u00eame leurs espoirs .<\/p>\n\n\n\n<p><strong>\u00ab Les fils de la m\u00e9moire \u00bb <\/strong>c&rsquo;est donc \u00e9tal\u00e9s sur neuf jours une exposition, des spectacles et des interventions artistiques qui animeront les sites d&rsquo;entreprises disparues.<\/p>\n\n\n\n<h2 class=\"wp-block-heading has-text-align-center\">Programme<\/h2>\n\n\n\n<p><strong>Mercredi 13<br>M\u00e9diation <\/strong>en classe de danse au centre culturel<\/p>\n\n\n\n<p>Du <strong>samedi 09 <\/strong>septembre au <strong>mercredi 13 <\/strong>septembre <strong>Exposition et vid\u00e9o au <\/strong><strong>Temple <\/strong>2 rue P. Nogu\u00e8s<\/p>\n\n\n\n<p>Ouverture : 10h00 \u00e0 12h00 le samedi de 14h00 \u00e0 17h00 du lundi au mercredi<\/p>\n\n\n\n<p><strong>Jeudi 14<br><\/strong>Spectacle <strong>\u00ab FIBRE \u00bb 20h00 C<\/strong><strong>tre <\/strong><strong>r\u00e9adaptation fonction. <\/strong><strong>Jauge limit\u00e9e. gratuit r\u00e9servation obligatoire<\/strong><\/p>\n\n\n\n<p><strong>Vendredi 15 <\/strong><strong>Gratuit<br><\/strong>Spectacle <strong>\u00ab KIMONOSHIMA \u00bb 21h00 Alamzic<\/strong><\/p>\n\n\n\n<p><strong>Samedi 16<br>\u00ab D\u00e9fil\u00e9 textile \u00bb 18h00 p\u00e9ristyle du Mus\u00e9e Salies <\/strong>En partenariat avec le mus\u00e9e<\/p>\n\n\n\n<p>la vie quotidienne, les \u00ab esclops \u00bb et La Cie Hipotengo<\/p>\n\n\n\n<p><strong>Dimanche 17 <\/strong><strong>Gratuit<br><\/strong><strong>\u00ab Parcours m\u00e9moire \u00bb<br><\/strong>D\u00e9part <strong>15h30 <\/strong>du Parking d&rsquo;\u00ab <strong>Aquensis<\/strong>\u00bb<\/p>\n\n\n\n<p><strong>Petite d\u00e9ambulation vers 3 lieux de m\u00e9moire en compagnie d&rsquo;un \u00ab plus que guide \u00bb<br>et d&rsquo;une chorale au f\u00e9minin.<br>Le spectacle fibre conclura cette balade<\/strong><\/p>\n\n\n\n<p>L&rsquo;affiche :<\/p>\n\n\n\n<figure class=\"wp-block-image size-large\"><img loading=\"lazy\" decoding=\"async\" width=\"723\" height=\"1024\" src=\"https:\/\/maynats.org\/wp-content\/uploads\/2023\/08\/Affiche-V4-fin-jpg-1-723x1024.jpg\" alt=\"\" class=\"wp-image-1818\" srcset=\"https:\/\/maynats.org\/wp-content\/uploads\/2023\/08\/Affiche-V4-fin-jpg-1-723x1024.jpg 723w, https:\/\/maynats.org\/wp-content\/uploads\/2023\/08\/Affiche-V4-fin-jpg-1-212x300.jpg 212w, https:\/\/maynats.org\/wp-content\/uploads\/2023\/08\/Affiche-V4-fin-jpg-1-768x1087.jpg 768w, https:\/\/maynats.org\/wp-content\/uploads\/2023\/08\/Affiche-V4-fin-jpg-1-1085x1536.jpg 1085w, https:\/\/maynats.org\/wp-content\/uploads\/2023\/08\/Affiche-V4-fin-jpg-1.jpg 1239w\" sizes=\"auto, (max-width: 723px) 100vw, 723px\" \/><\/figure>\n\n\n\n<p>Le flyer d\u00e9taill\u00e9 :<\/p>\n\n\n\n<div data-wp-interactive=\"core\/file\" class=\"wp-block-file\"><object data-wp-bind--hidden=\"!state.hasPdfPreview\" hidden class=\"wp-block-file__embed\" data=\"https:\/\/maynats.org\/wp-content\/uploads\/2023\/08\/flyer.pdf\" type=\"application\/pdf\" style=\"width:100%;height:600px\" aria-label=\"Contenu embarqu\u00e9 flyer.\"><\/object><a id=\"wp-block-file--media-035c6643-2776-48ed-8030-aaf94c7b9a1e\" href=\"https:\/\/maynats.org\/wp-content\/uploads\/2023\/08\/flyer.pdf\">flyer<\/a><a href=\"https:\/\/maynats.org\/wp-content\/uploads\/2023\/08\/flyer.pdf\" class=\"wp-block-file__button wp-element-button\" download aria-describedby=\"wp-block-file--media-035c6643-2776-48ed-8030-aaf94c7b9a1e\">T\u00e9l\u00e9charger<\/a><\/div>\n","protected":false},"excerpt":{"rendered":"<p>Premier volet d&rsquo;une trilogie qui interrogera ce qui subsiste dans la m\u00e9moire collective Bagn\u00e9raise, des industries autrefois florissantes :\u00e0 savoir,&#8230;<\/p>\n","protected":false},"author":1,"featured_media":1820,"comment_status":"closed","ping_status":"open","sticky":false,"template":"","format":"standard","meta":{"footnotes":""},"categories":[19,17],"tags":[],"class_list":["post-1816","post","type-post","status-publish","format-standard","has-post-thumbnail","hentry","category-clinsdoeil","category-evenements_passes"],"_links":{"self":[{"href":"https:\/\/maynats.org\/index.php?rest_route=\/wp\/v2\/posts\/1816","targetHints":{"allow":["GET"]}}],"collection":[{"href":"https:\/\/maynats.org\/index.php?rest_route=\/wp\/v2\/posts"}],"about":[{"href":"https:\/\/maynats.org\/index.php?rest_route=\/wp\/v2\/types\/post"}],"author":[{"embeddable":true,"href":"https:\/\/maynats.org\/index.php?rest_route=\/wp\/v2\/users\/1"}],"replies":[{"embeddable":true,"href":"https:\/\/maynats.org\/index.php?rest_route=%2Fwp%2Fv2%2Fcomments&post=1816"}],"version-history":[{"count":1,"href":"https:\/\/maynats.org\/index.php?rest_route=\/wp\/v2\/posts\/1816\/revisions"}],"predecessor-version":[{"id":1821,"href":"https:\/\/maynats.org\/index.php?rest_route=\/wp\/v2\/posts\/1816\/revisions\/1821"}],"wp:featuredmedia":[{"embeddable":true,"href":"https:\/\/maynats.org\/index.php?rest_route=\/wp\/v2\/media\/1820"}],"wp:attachment":[{"href":"https:\/\/maynats.org\/index.php?rest_route=%2Fwp%2Fv2%2Fmedia&parent=1816"}],"wp:term":[{"taxonomy":"category","embeddable":true,"href":"https:\/\/maynats.org\/index.php?rest_route=%2Fwp%2Fv2%2Fcategories&post=1816"},{"taxonomy":"post_tag","embeddable":true,"href":"https:\/\/maynats.org\/index.php?rest_route=%2Fwp%2Fv2%2Ftags&post=1816"}],"curies":[{"name":"wp","href":"https:\/\/api.w.org\/{rel}","templated":true}]}}