{"id":2027,"date":"2025-01-28T15:51:08","date_gmt":"2025-01-28T14:51:08","guid":{"rendered":"https:\/\/maynats.org\/?p=2027"},"modified":"2025-01-28T15:51:08","modified_gmt":"2025-01-28T14:51:08","slug":"2-fevrier-campan-lombre-des-choses","status":"publish","type":"post","link":"https:\/\/maynats.org\/?p=2027","title":{"rendered":"2 f\u00e9vrier Campan : L&rsquo;ombre des choses"},"content":{"rendered":"\n<p><strong>Attention p\u00e9pite ! <\/strong>Ne ratez pas ce magnifique spectacle cr\u00e9\u00e9 par de jeunes artistes d\u00e9bordants de cr\u00e9ativit\u00e9. Comme l\u2019indique le titre, il s\u2019agit bien d\u2019un spectacle autour de l\u2019ombre mais, ici, questionn\u00e9e sous toutes ses formes !<\/p>\n\n\n\n<p><strong>Collectif Tangram<\/strong><\/p>\n\n\n\n<p><strong>Dimanche 2 f\u00e9vrier 2025<\/strong><\/p>\n\n\n\n<p><strong>CAMPAN 16h00 <\/strong><strong>Salle Ar\u00e8ne Cuill\u00e9<br><\/strong><em>tout public \u00e0 partir de 5 ans Dur\u00e9e 35 minutes <\/em><strong>R\u00e9servation conseill\u00e9e <\/strong><strong>06 45 44 18 94 www.maynats.org<\/strong><\/p>\n\n\n\n<p>Plein tarif : 8\u20ac Tarif r\u00e9duit : 6\u20ac<\/p>\n\n\n\n<p>Avec l&rsquo;aide de la commune de <strong>CAMPAN<\/strong><\/p>\n\n\n\n<p>S<em>ur sc\u00e8ne deux marionnettistes \u00e9voluent de part et d\u2019autre d\u2019un dispositif compos\u00e9 de trois grandes toiles blanches avec quelques objets et des lampes torches : elles multiplient les interactions entre lumi\u00e8res et ombres, entre espace face public et espace cach\u00e9. Par cette technique, elles vont totalement d\u00e9jouer nos attentes : les corps deviennent ombres et les ombres prennent corps ! Elles se compl\u00e8tent, se superposent, se jouent de nous, c\u2019est \u00e0 croire qu\u2019elles cherchent \u00e0 s&rsquo;affranchir de tout&#8230; m\u00eame de la lumi\u00e8re !<\/em><\/p>\n\n\n\n<p>C<em>\u2019est simplement magique, dr\u00f4le et intelligent : un enchantement pour petits et grands !<\/em><\/p>\n","protected":false},"excerpt":{"rendered":"<p>Attention p\u00e9pite ! Ne ratez pas ce magnifique spectacle cr\u00e9\u00e9 par de jeunes artistes d\u00e9bordants de cr\u00e9ativit\u00e9. Comme l\u2019indique le&#8230;<\/p>\n","protected":false},"author":1,"featured_media":2028,"comment_status":"closed","ping_status":"open","sticky":false,"template":"","format":"standard","meta":{"footnotes":""},"categories":[19],"tags":[],"class_list":["post-2027","post","type-post","status-publish","format-standard","has-post-thumbnail","hentry","category-clinsdoeil"],"_links":{"self":[{"href":"https:\/\/maynats.org\/index.php?rest_route=\/wp\/v2\/posts\/2027","targetHints":{"allow":["GET"]}}],"collection":[{"href":"https:\/\/maynats.org\/index.php?rest_route=\/wp\/v2\/posts"}],"about":[{"href":"https:\/\/maynats.org\/index.php?rest_route=\/wp\/v2\/types\/post"}],"author":[{"embeddable":true,"href":"https:\/\/maynats.org\/index.php?rest_route=\/wp\/v2\/users\/1"}],"replies":[{"embeddable":true,"href":"https:\/\/maynats.org\/index.php?rest_route=%2Fwp%2Fv2%2Fcomments&post=2027"}],"version-history":[{"count":1,"href":"https:\/\/maynats.org\/index.php?rest_route=\/wp\/v2\/posts\/2027\/revisions"}],"predecessor-version":[{"id":2029,"href":"https:\/\/maynats.org\/index.php?rest_route=\/wp\/v2\/posts\/2027\/revisions\/2029"}],"wp:featuredmedia":[{"embeddable":true,"href":"https:\/\/maynats.org\/index.php?rest_route=\/wp\/v2\/media\/2028"}],"wp:attachment":[{"href":"https:\/\/maynats.org\/index.php?rest_route=%2Fwp%2Fv2%2Fmedia&parent=2027"}],"wp:term":[{"taxonomy":"category","embeddable":true,"href":"https:\/\/maynats.org\/index.php?rest_route=%2Fwp%2Fv2%2Fcategories&post=2027"},{"taxonomy":"post_tag","embeddable":true,"href":"https:\/\/maynats.org\/index.php?rest_route=%2Fwp%2Fv2%2Ftags&post=2027"}],"curies":[{"name":"wp","href":"https:\/\/api.w.org\/{rel}","templated":true}]}}