{"id":2143,"date":"2026-03-11T18:47:25","date_gmt":"2026-03-11T17:47:25","guid":{"rendered":"https:\/\/maynats.org\/?p=2143"},"modified":"2026-03-12T18:48:30","modified_gmt":"2026-03-12T17:48:30","slug":"2026-appel-a-benevoles","status":"publish","type":"post","link":"https:\/\/maynats.org\/?p=2143","title":{"rendered":"2026 appel \u00e0 b\u00e9n\u00e9voles"},"content":{"rendered":"\n<p><strong>Chers compagnons des Maynats, chers adh\u00e9rents, chers anciens et nouveaux b\u00e9n\u00e9voles,<\/strong><\/p>\n\n\n\n<p>Il est de nouveau venu le temps de faire appel \u00e0 vos services.<\/p>\n\n\n\n<p>En ces temps perturb\u00e9s, la culture est de plus en plus n\u00e9cessaire car porteuse de Paix, d&rsquo;espoir, de mixit\u00e9 sociale et de partage<\/p>\n\n\n\n<p>Le 30\u00b0 festival des Maynats (on vous pr\u00e9pare un bel anniversaire !!) va se d\u00e9rouler, comme tous les ans, le 3\u00b0 WE du mois de mai,&nbsp;<strong>du 14<\/strong>&nbsp;<strong>au 17<\/strong>&nbsp;<strong>mai 2026<\/strong>&nbsp;<strong>\u00e0 Pouzac et avant premi\u00e8re \u00e0<\/strong>&nbsp;<strong>Cieutat<\/strong>&nbsp;<strong>le mercredi 13\/05 \u00e0 17H30.<\/strong><\/p>\n\n\n\n<p><strong>Nous comptons sur vous pour venir partager ce moment de \u00ab\u00a0cr\u00e9ation collective\u00a0\u00bb, de \u00ab vivre ensemble \u00bb dans la bonne humeur et en toute convivialit\u00e9.<\/strong><\/p>\n\n\n\n<p>Nous aurons besoin de b\u00e9n\u00e9voles (voir tableau avec lien ci-dessous) :<\/p>\n\n\n\n<p>&#8211;&nbsp;<strong>Du<\/strong><strong>&nbsp;Dimanche 10<\/strong>&nbsp;<strong>mai 2026 au Vendredi<\/strong>&nbsp;<strong>15 mai 2026<\/strong><strong>&nbsp;pour installation du site du festival, montage chapiteau (14 personnes la journ\u00e9e de mercredi et le jeudi matin !!!), pr\u00e9paration des salles et installation salle \u00e0<\/strong>&nbsp;<strong>Cieutat&nbsp;<\/strong><strong>(spectacle d\u2019avant-premi\u00e8re le mercredi en fin d\u2019apr\u00e8s midi (17H30))<\/strong><\/p>\n\n\n\n<p><strong>&#8211; les 16<\/strong>&nbsp;<strong>et 17<\/strong>&nbsp;<strong>mai 2026<\/strong>&nbsp;<strong>pour installation et d\u00e9roulement du festival (gros besoin de b\u00e9n\u00e9voles toute la journ\u00e9e (09H30 \u2013 19H00) :<\/strong><\/p>\n\n\n\n<p>\u2022&nbsp;<strong>postes accueil, billetterie, ateliers (sourire et patience)<\/strong><\/p>\n\n\n\n<p>\u2022&nbsp;<strong>gestion de salle (accueil compagnie, aide au montage spectacle et gestion entr\u00e9es et chapeau)<\/strong><\/p>\n\n\n\n<p>\u2022&nbsp;<strong>cuisine, snack, bar (vente et fabrication cr\u00eapes, pizza, sandwich, plats pour b\u00e9n\u00e9voles et artistes et gestion bar)<\/strong><\/p>\n\n\n\n<p><strong>&#8211; le lundi<\/strong>&nbsp;<strong>18<\/strong>&nbsp;<strong>mai 2026<\/strong>&nbsp;<strong>pour tout ranger<\/strong><\/p>\n\n\n\n<p>Sans votre aide cette manifestation ne peut se faire.<\/p>\n\n\n\n<p>Vous \u00eates notre bien le plus pr\u00e9cieux.<\/p>\n\n\n\n<p><strong>Merci de vous inscrire, le plus t\u00f4t possible (c&rsquo;est vraiment mieux pour g\u00e9rer) et avant le<\/strong>&nbsp;<strong>31 mars 2026<\/strong>&nbsp;sur le tableau des b\u00e9n\u00e9voles accessible avec le lien suivant (clic droit sur le lien puis \u00ab\u00a0ouvrir dans un nouvel onglet\u00a0\u00bb) :<\/p>\n\n\n\n<figure class=\"wp-block-embed\"><div class=\"wp-block-embed__wrapper\">\nhttps:\/\/docs.google.com\/spreadsheets\/d\/1f7-DwJSla_IKpGfvwps8uhdj48JUeWs9QJlJaXOuWXk\/edit?usp=sharing\n<\/div><\/figure>\n\n\n\n<p><strong>Sinon aupr\u00e8s de Gilles au 0687428873 ou par retour de mail en pr\u00e9cisant les jours ou heures o\u00f9 vous serez pr\u00e9sents ainsi que les postes que vous d\u00e9sirez tenir.<\/strong><\/p>\n\n\n\n<p>En vous souhaitant un beau d\u00e9but de printemps<\/p>\n\n\n\n<p>Bien amicalement<\/p>\n\n\n\n<p>Les MAYNATS<\/p>\n","protected":false},"excerpt":{"rendered":"<p>Chers compagnons des Maynats, chers adh\u00e9rents, chers anciens et nouveaux b\u00e9n\u00e9voles, Il est de nouveau venu le temps de faire&#8230;<\/p>\n","protected":false},"author":1,"featured_media":2144,"comment_status":"closed","ping_status":"open","sticky":false,"template":"","format":"standard","meta":{"footnotes":""},"categories":[25],"tags":[],"class_list":["post-2143","post","type-post","status-publish","format-standard","has-post-thumbnail","hentry","category-asso"],"_links":{"self":[{"href":"https:\/\/maynats.org\/index.php?rest_route=\/wp\/v2\/posts\/2143","targetHints":{"allow":["GET"]}}],"collection":[{"href":"https:\/\/maynats.org\/index.php?rest_route=\/wp\/v2\/posts"}],"about":[{"href":"https:\/\/maynats.org\/index.php?rest_route=\/wp\/v2\/types\/post"}],"author":[{"embeddable":true,"href":"https:\/\/maynats.org\/index.php?rest_route=\/wp\/v2\/users\/1"}],"replies":[{"embeddable":true,"href":"https:\/\/maynats.org\/index.php?rest_route=%2Fwp%2Fv2%2Fcomments&post=2143"}],"version-history":[{"count":1,"href":"https:\/\/maynats.org\/index.php?rest_route=\/wp\/v2\/posts\/2143\/revisions"}],"predecessor-version":[{"id":2145,"href":"https:\/\/maynats.org\/index.php?rest_route=\/wp\/v2\/posts\/2143\/revisions\/2145"}],"wp:featuredmedia":[{"embeddable":true,"href":"https:\/\/maynats.org\/index.php?rest_route=\/wp\/v2\/media\/2144"}],"wp:attachment":[{"href":"https:\/\/maynats.org\/index.php?rest_route=%2Fwp%2Fv2%2Fmedia&parent=2143"}],"wp:term":[{"taxonomy":"category","embeddable":true,"href":"https:\/\/maynats.org\/index.php?rest_route=%2Fwp%2Fv2%2Fcategories&post=2143"},{"taxonomy":"post_tag","embeddable":true,"href":"https:\/\/maynats.org\/index.php?rest_route=%2Fwp%2Fv2%2Ftags&post=2143"}],"curies":[{"name":"wp","href":"https:\/\/api.w.org\/{rel}","templated":true}]}}